{"id":5953,"date":"2023-04-26T16:36:01","date_gmt":"2023-04-26T16:36:01","guid":{"rendered":"http:\/\/geointegra.com.br\/?p=5953"},"modified":"2023-04-26T17:01:26","modified_gmt":"2023-04-26T17:01:26","slug":"5953","status":"publish","type":"post","link":"https:\/\/geointegra.com.br\/index.php\/2023\/04\/26\/5953\/","title":{"rendered":"Horta da Geo"},"content":{"rendered":"\n<p>Uma das iniciativas da Geo para 2023 foi realizar uma horta no nosso jardim!<\/p>\n\n\n\n<p>Com a ajuda de nossos colaboradores, plantamos, colhemos e comemos nossa pr\u00f3pria salada! Al\u00e9m disso, ter uma horta no ambiente de trabalho proporciona redu\u00e7\u00e3o de estresse e aumento da produtividade!<\/p>\n\n\n\n<p>Pode parecer simples, mas para n\u00f3s foi um processo gratificante: come\u00e7amos a organizar o espa\u00e7o em janeiro, e realizamos a planta\u00e7\u00e3o em fevereiro. Assim, em pouco tempo (e com bastante cuidado pelas fortes chuvas) conseguimos realizar a primeira colheita para a salada coletiva no final de mar\u00e7o!<\/p>\n\n\n\n<p>Temos muito orgulho de nossa equipe por quererem participar dessa iniciativa incr\u00edvel conosco! E que venham mais colheitas!<\/p>\n\n\n\n<figure class=\"wp-block-image size-full\"><img loading=\"lazy\" decoding=\"async\" width=\"904\" height=\"910\" src=\"https:\/\/geointegra.com.br\/wp-content\/uploads\/2023\/04\/Captura-de-tela-2023-04-26-133518.png\" alt=\"\" class=\"wp-image-5954\" srcset=\"https:\/\/geointegra.com.br\/wp-content\/uploads\/2023\/04\/Captura-de-tela-2023-04-26-133518.png 904w, https:\/\/geointegra.com.br\/wp-content\/uploads\/2023\/04\/Captura-de-tela-2023-04-26-133518-298x300.png 298w, https:\/\/geointegra.com.br\/wp-content\/uploads\/2023\/04\/Captura-de-tela-2023-04-26-133518-150x150.png 150w, https:\/\/geointegra.com.br\/wp-content\/uploads\/2023\/04\/Captura-de-tela-2023-04-26-133518-768x773.png 768w, https:\/\/geointegra.com.br\/wp-content\/uploads\/2023\/04\/Captura-de-tela-2023-04-26-133518-720x725.png 720w\" sizes=\"auto, (max-width: 904px) 100vw, 904px\" \/><\/figure>\n","protected":false},"excerpt":{"rendered":"<p>Uma das iniciativas da Geo para 2023 foi realizar uma horta no nosso jardim! Com a ajuda de nossos colaboradores, plantamos, colhemos e comemos nossa pr\u00f3pria salada! Al\u00e9m disso, ter uma horta no ambiente de trabalho proporciona redu\u00e7\u00e3o de estresse e aumento da produtividade! Pode parecer simples, mas para n\u00f3s foi um processo gratificante: come\u00e7amos [&hellip;]<\/p>\n","protected":false},"author":1,"featured_media":5954,"comment_status":"open","ping_status":"open","sticky":false,"template":"","format":"standard","meta":{"_themeisle_gutenberg_block_has_review":false,"footnotes":""},"categories":[1],"tags":[],"class_list":["post-5953","post","type-post","status-publish","format-standard","has-post-thumbnail","hentry","category-uncategorized"],"_links":{"self":[{"href":"https:\/\/geointegra.com.br\/index.php\/wp-json\/wp\/v2\/posts\/5953","targetHints":{"allow":["GET"]}}],"collection":[{"href":"https:\/\/geointegra.com.br\/index.php\/wp-json\/wp\/v2\/posts"}],"about":[{"href":"https:\/\/geointegra.com.br\/index.php\/wp-json\/wp\/v2\/types\/post"}],"author":[{"embeddable":true,"href":"https:\/\/geointegra.com.br\/index.php\/wp-json\/wp\/v2\/users\/1"}],"replies":[{"embeddable":true,"href":"https:\/\/geointegra.com.br\/index.php\/wp-json\/wp\/v2\/comments?post=5953"}],"version-history":[{"count":2,"href":"https:\/\/geointegra.com.br\/index.php\/wp-json\/wp\/v2\/posts\/5953\/revisions"}],"predecessor-version":[{"id":5965,"href":"https:\/\/geointegra.com.br\/index.php\/wp-json\/wp\/v2\/posts\/5953\/revisions\/5965"}],"wp:featuredmedia":[{"embeddable":true,"href":"https:\/\/geointegra.com.br\/index.php\/wp-json\/wp\/v2\/media\/5954"}],"wp:attachment":[{"href":"https:\/\/geointegra.com.br\/index.php\/wp-json\/wp\/v2\/media?parent=5953"}],"wp:term":[{"taxonomy":"category","embeddable":true,"href":"https:\/\/geointegra.com.br\/index.php\/wp-json\/wp\/v2\/categories?post=5953"},{"taxonomy":"post_tag","embeddable":true,"href":"https:\/\/geointegra.com.br\/index.php\/wp-json\/wp\/v2\/tags?post=5953"}],"curies":[{"name":"wp","href":"https:\/\/api.w.org\/{rel}","templated":true}]}}